{"id":1816,"date":"2023-08-03T18:05:00","date_gmt":"2023-08-03T16:05:00","guid":{"rendered":"https:\/\/bildhauer-jehn.de\/galerie\/?p=1816"},"modified":"2026-02-16T18:10:55","modified_gmt":"2026-02-16T17:10:55","slug":"tag-der-sachsen-2023-in-aue","status":"publish","type":"post","link":"https:\/\/bildhauer-jehn.de\/galerie\/?p=1816","title":{"rendered":"Tag der Sachsen 2023 in Aue"},"content":{"rendered":"\n<p>Anl\u00e4sslich des Tages der Sachsen zeige ich eine kleine Ausstellung und f\u00fchre Holzbildhauerei vor. Ort: Schneeberger Stra\u00dfe 24 in Aue, vom 01.09. bis 03.09.2023 von 10 Uhr bis 19 Uhr.<\/p>\n\n\n\n<figure class=\"wp-block-image size-full\"><a href=\"https:\/\/bildhauer-jehn.de\/galerie\/wp-content\/uploads\/2026\/02\/2023-Tag-der-Sachsen.jpg\"><img loading=\"lazy\" decoding=\"async\" width=\"667\" height=\"398\" src=\"https:\/\/bildhauer-jehn.de\/galerie\/wp-content\/uploads\/2026\/02\/2023-Tag-der-Sachsen.jpg\" alt=\"\" class=\"wp-image-1817\" srcset=\"https:\/\/bildhauer-jehn.de\/galerie\/wp-content\/uploads\/2026\/02\/2023-Tag-der-Sachsen.jpg 667w, https:\/\/bildhauer-jehn.de\/galerie\/wp-content\/uploads\/2026\/02\/2023-Tag-der-Sachsen-300x179.jpg 300w\" sizes=\"auto, (max-width: 667px) 100vw, 667px\" \/><\/a><\/figure>\n","protected":false},"excerpt":{"rendered":"<p>Anl\u00e4sslich des Tages der Sachsen zeige ich eine kleine Ausstellung und f\u00fchre Holzbildhauerei vor. Ort: Schneeberger Stra\u00dfe 24 in Aue, [&hellip;]<\/p>\n","protected":false},"author":1,"featured_media":0,"comment_status":"closed","ping_status":"closed","sticky":false,"template":"","format":"standard","meta":{"footnotes":""},"categories":[37],"tags":[137,136,129,135,138,130],"class_list":["post-1816","post","type-post","status-publish","format-standard","hentry","category-sonstiges","tag-bildhauer-detlef-jehn","tag-holzbildhauer","tag-jehn-bildhauer","tag-kunst-im-oeffentlichen-raum","tag-kunstausstellung","tag-skulptur"],"_links":{"self":[{"href":"https:\/\/bildhauer-jehn.de\/galerie\/index.php?rest_route=\/wp\/v2\/posts\/1816","targetHints":{"allow":["GET"]}}],"collection":[{"href":"https:\/\/bildhauer-jehn.de\/galerie\/index.php?rest_route=\/wp\/v2\/posts"}],"about":[{"href":"https:\/\/bildhauer-jehn.de\/galerie\/index.php?rest_route=\/wp\/v2\/types\/post"}],"author":[{"embeddable":true,"href":"https:\/\/bildhauer-jehn.de\/galerie\/index.php?rest_route=\/wp\/v2\/users\/1"}],"replies":[{"embeddable":true,"href":"https:\/\/bildhauer-jehn.de\/galerie\/index.php?rest_route=%2Fwp%2Fv2%2Fcomments&post=1816"}],"version-history":[{"count":1,"href":"https:\/\/bildhauer-jehn.de\/galerie\/index.php?rest_route=\/wp\/v2\/posts\/1816\/revisions"}],"predecessor-version":[{"id":1818,"href":"https:\/\/bildhauer-jehn.de\/galerie\/index.php?rest_route=\/wp\/v2\/posts\/1816\/revisions\/1818"}],"wp:attachment":[{"href":"https:\/\/bildhauer-jehn.de\/galerie\/index.php?rest_route=%2Fwp%2Fv2%2Fmedia&parent=1816"}],"wp:term":[{"taxonomy":"category","embeddable":true,"href":"https:\/\/bildhauer-jehn.de\/galerie\/index.php?rest_route=%2Fwp%2Fv2%2Fcategories&post=1816"},{"taxonomy":"post_tag","embeddable":true,"href":"https:\/\/bildhauer-jehn.de\/galerie\/index.php?rest_route=%2Fwp%2Fv2%2Ftags&post=1816"}],"curies":[{"name":"wp","href":"https:\/\/api.w.org\/{rel}","templated":true}]}}