{"id":1791,"date":"2025-05-17T11:39:14","date_gmt":"2025-05-17T09:39:14","guid":{"rendered":"https:\/\/bildhauer-jehn.de\/galerie\/?p=1791"},"modified":"2026-02-14T10:54:23","modified_gmt":"2026-02-14T09:54:23","slug":"symposium-eibenstock-anlaesslich-des-clara-angermann-jahres","status":"publish","type":"post","link":"https:\/\/bildhauer-jehn.de\/galerie\/?p=1791","title":{"rendered":"Symposium Eibenstock anl\u00e4sslich des Clara Angermann Jahres"},"content":{"rendered":"\n<p>\u00dcbergabe der w\u00e4hrend des Eibenstocker Bildhauersymposiums geschaffenen Skulptur \u201e Wilderer \u201c  f\u00fcr die Skulpturengruppe Clara Angermann am 17.05.2025 f\u00fcr das Gel\u00e4nde des Eibenstocker Marktplatzes.&nbsp;<\/p>\n\n\n\n<figure class=\"wp-block-image size-large\"><a href=\"https:\/\/bildhauer-jehn.de\/galerie\/wp-content\/uploads\/2025\/05\/Detlef-Jehn-Wilderer-2025.jpg\"><img loading=\"lazy\" decoding=\"async\" width=\"760\" height=\"1024\" src=\"https:\/\/bildhauer-jehn.de\/galerie\/wp-content\/uploads\/2025\/05\/Detlef-Jehn-Wilderer-2025-760x1024.jpg\" alt=\"\" class=\"wp-image-1798\" srcset=\"https:\/\/bildhauer-jehn.de\/galerie\/wp-content\/uploads\/2025\/05\/Detlef-Jehn-Wilderer-2025-760x1024.jpg 760w, https:\/\/bildhauer-jehn.de\/galerie\/wp-content\/uploads\/2025\/05\/Detlef-Jehn-Wilderer-2025-223x300.jpg 223w, https:\/\/bildhauer-jehn.de\/galerie\/wp-content\/uploads\/2025\/05\/Detlef-Jehn-Wilderer-2025-768x1035.jpg 768w, https:\/\/bildhauer-jehn.de\/galerie\/wp-content\/uploads\/2025\/05\/Detlef-Jehn-Wilderer-2025.jpg 876w\" sizes=\"auto, (max-width: 760px) 100vw, 760px\" \/><\/a><\/figure>\n","protected":false},"excerpt":{"rendered":"<p>\u00dcbergabe der w\u00e4hrend des Eibenstocker Bildhauersymposiums geschaffenen Skulptur \u201e Wilderer \u201c f\u00fcr die Skulpturengruppe Clara Angermann am 17.05.2025 f\u00fcr das [&hellip;]<\/p>\n","protected":false},"author":1,"featured_media":0,"comment_status":"closed","ping_status":"closed","sticky":false,"template":"","format":"standard","meta":{"footnotes":""},"categories":[18],"tags":[137,134,136,154,135,131,130],"class_list":["post-1791","post","type-post","status-publish","format-standard","hentry","category-symposien","tag-bildhauer-detlef-jehn","tag-bildhauersymposium","tag-holzbildhauer","tag-jehn-detlef","tag-kunst-im-oeffentlichen-raum","tag-kuenstlergruppe-exponart","tag-skulptur"],"_links":{"self":[{"href":"https:\/\/bildhauer-jehn.de\/galerie\/index.php?rest_route=\/wp\/v2\/posts\/1791","targetHints":{"allow":["GET"]}}],"collection":[{"href":"https:\/\/bildhauer-jehn.de\/galerie\/index.php?rest_route=\/wp\/v2\/posts"}],"about":[{"href":"https:\/\/bildhauer-jehn.de\/galerie\/index.php?rest_route=\/wp\/v2\/types\/post"}],"author":[{"embeddable":true,"href":"https:\/\/bildhauer-jehn.de\/galerie\/index.php?rest_route=\/wp\/v2\/users\/1"}],"replies":[{"embeddable":true,"href":"https:\/\/bildhauer-jehn.de\/galerie\/index.php?rest_route=%2Fwp%2Fv2%2Fcomments&post=1791"}],"version-history":[{"count":3,"href":"https:\/\/bildhauer-jehn.de\/galerie\/index.php?rest_route=\/wp\/v2\/posts\/1791\/revisions"}],"predecessor-version":[{"id":1800,"href":"https:\/\/bildhauer-jehn.de\/galerie\/index.php?rest_route=\/wp\/v2\/posts\/1791\/revisions\/1800"}],"wp:attachment":[{"href":"https:\/\/bildhauer-jehn.de\/galerie\/index.php?rest_route=%2Fwp%2Fv2%2Fmedia&parent=1791"}],"wp:term":[{"taxonomy":"category","embeddable":true,"href":"https:\/\/bildhauer-jehn.de\/galerie\/index.php?rest_route=%2Fwp%2Fv2%2Fcategories&post=1791"},{"taxonomy":"post_tag","embeddable":true,"href":"https:\/\/bildhauer-jehn.de\/galerie\/index.php?rest_route=%2Fwp%2Fv2%2Ftags&post=1791"}],"curies":[{"name":"wp","href":"https:\/\/api.w.org\/{rel}","templated":true}]}}